{"id":133665,"date":"2026-09-03T17:51:40","date_gmt":"2026-09-03T21:51:40","guid":{"rendered":"https:\/\/jc2033qc.ca\/?p=133665"},"modified":"2026-09-03T17:51:40","modified_gmt":"2026-09-03T21:51:40","slug":"retour-sur-lepluchette-2026","status":"publish","type":"post","link":"https:\/\/jc2033qc.ca\/en\/retour-sur-lepluchette-2026\/","title":{"rendered":"Une journ\u00e9e exceptionnelle sous le signe de la joie, de la fraternit\u00e9 et de l\u2019Amour"},"content":{"rendered":"<article>\n<header><strong>Samedi 29 ao\u00fbt 2026 | Maison Val de Paix, Rawdon<\/strong><\/p>\n<h2>Retour sur l\u2019\u00e9pluchette de bl\u00e9 d\u2019Inde<\/h2>\n<p><em>Une journ\u00e9e exceptionnelle sous le signe de la joie, de la fraternit\u00e9 et de l\u2019Amour<\/em><\/p>\n<\/header>\n<p>Le samedi 29 ao\u00fbt 2026 restera certainement comme un tr\u00e8s beau moment v\u00e9cu par les participants de la Mauricie.<\/p>\n<p>\u00c0 l\u2019occasion de cette magnifique journ\u00e9e \u00e0 la Maison Val de Paix, \u00e0 Rawdon, 24 personnes de la Mauricie ont pris part \u00e0 l\u2019activit\u00e9 : 3 membres du Comit\u00e9 Mauricie, 10 Amis, 3 intercesseurs, 6 enfants ainsi que 2 partenaires, soit Century 21 et les Chevaliers de Colomb.<\/p>\n<p>\u00c0 la suite de l\u2019activit\u00e9, un retour a \u00e9t\u00e9 r\u00e9alis\u00e9 au restaurant Normandin de Trois-Rivi\u00e8res avec les 18 personnes pr\u00e9sentes. Les 6 personnes qui n\u2019ont pu se joindre \u00e0 ce moment ont \u00e9t\u00e9 rejointes par t\u00e9l\u00e9phone. Deux questions simples leur ont \u00e9t\u00e9 pos\u00e9es : qu\u2019avez-vous le plus aim\u00e9 et qu\u2019avez-vous moins aim\u00e9?<\/p>\n<p>Les r\u00e9ponses recueillies sont particuli\u00e8rement \u00e9loquentes.<\/p>\n<h2>Une organisation remarquable<\/h2>\n<p>Le premier constat qui ressort de fa\u00e7on unanime est la qualit\u00e9 exceptionnelle de l\u2019organisation. Tout avait \u00e9t\u00e9 pens\u00e9, pr\u00e9par\u00e9 et orchestr\u00e9 avec beaucoup de soin. Le d\u00e9roulement de la journ\u00e9e \u00e9tait fluide, naturel et sans pression. Les participants ont pu profiter pleinement de chaque moment, tout en sentant qu\u2019une \u00e9quipe veillait discr\u00e8tement \u00e0 leur bien-\u00eatre.<\/p>\n<p>Plusieurs ont spontan\u00e9ment soulign\u00e9 qu\u2019il serait tr\u00e8s difficile de faire mieux. On a v\u00e9ritablement senti que derri\u00e8re cette journ\u00e9e se trouvaient de nombreuses heures de travail, de pr\u00e9paration, de coordination et de d\u00e9vouement. Et pourtant, rien ne semblait lourd. Tout paraissait simple.<\/p>\n<p>C\u2019est probablement l\u00e0 que r\u00e9side l\u2019une des grandes forces de cette organisation : faire \u00e9norm\u00e9ment de travail en coulisses pour permettre aux autres de vivre quelque chose de simple, beau et profond\u00e9ment humain.<\/p>\n<h2>Un accueil qui a marqu\u00e9 les c\u0153urs<\/h2>\n<p>D\u00e8s l\u2019arriv\u00e9e, l\u2019accueil a \u00e9t\u00e9 grandement appr\u00e9ci\u00e9. Les participants ont senti qu\u2019ils \u00e9taient attendus, d\u00e9sir\u00e9s et accueillis avec sinc\u00e9rit\u00e9. Cette qualit\u00e9 de pr\u00e9sence a imm\u00e9diatement contribu\u00e9 \u00e0 cr\u00e9er une atmosph\u00e8re chaleureuse et familiale.<\/p>\n<p>Plusieurs ont \u00e9galement mentionn\u00e9 combien ils avaient appr\u00e9ci\u00e9 que les membres de l\u2019\u00e9quipe prennent le temps d\u2019aller vers eux, de leur parler, de s\u2019int\u00e9resser \u00e0 leur histoire et de simplement prendre de leurs nouvelles. Ce sont parfois de petits gestes, mais ils ont un impact immense.<\/p>\n<figure id=\"attachment_133670\" aria-describedby=\"caption-attachment-133670\" style=\"width: 882px\" class=\"wp-caption aligncenter\"><a href=\"https:\/\/jc2033qc.ca\/wp-content\/uploads\/2026\/09\/louange1.jpg\"><img fetchpriority=\"high\" decoding=\"async\" class=\"wp-image-133670\" src=\"https:\/\/jc2033qc.ca\/wp-content\/uploads\/2026\/09\/louange1.jpg\" alt=\"\" width=\"882\" height=\"662\" srcset=\"https:\/\/jc2033qc.ca\/wp-content\/uploads\/2026\/09\/louange1.jpg 2048w, https:\/\/jc2033qc.ca\/wp-content\/uploads\/2026\/09\/louange1-300x225.jpg 300w, https:\/\/jc2033qc.ca\/wp-content\/uploads\/2026\/09\/louange1-1024x768.jpg 1024w, https:\/\/jc2033qc.ca\/wp-content\/uploads\/2026\/09\/louange1-768x576.jpg 768w, https:\/\/jc2033qc.ca\/wp-content\/uploads\/2026\/09\/louange1-1536x1152.jpg 1536w, https:\/\/jc2033qc.ca\/wp-content\/uploads\/2026\/09\/louange1-16x12.jpg 16w, https:\/\/jc2033qc.ca\/wp-content\/uploads\/2026\/09\/louange1-1320x990.jpg 1320w\" sizes=\"(max-width: 882px) 100vw, 882px\" \/><\/a><figcaption id=\"caption-attachment-133670\" class=\"wp-caption-text\">Retrouvez <a href=\"https:\/\/www.facebook.com\/events\/1268813436313842\/?active_tab=discussion\">toutes les photos<\/a> sur l&rsquo;\u00e9v\u00e9nement Facebook<\/figcaption><\/figure>\n<h2>La Maison Val de Paix : un lieu enchanteur<\/h2>\n<p>La beaut\u00e9 du site a fait l\u2019unanimit\u00e9. La temp\u00e9rature \u00e9tait id\u00e9ale, le soleil \u00e9tait au rendez-vous et les conditions \u00e9taient tout simplement parfaites. Plusieurs ont parl\u00e9 d\u2019un lieu enchanteur, magnifiquement am\u00e9nag\u00e9, presque f\u00e9\u00e9rique.<\/p>\n<p>La beaut\u00e9 du paysage, l\u2019am\u00e9nagement, la tranquillit\u00e9 et l\u2019environnement ont permis \u00e0 chacun de d\u00e9crocher du quotidien et de simplement profiter du moment. On ne pouvait pratiquement pas r\u00eaver de meilleures conditions pour vivre cette journ\u00e9e.<\/p>\n<h2>Entrer dans un lieu particulier<\/h2>\n<p>Le fait de devoir enlever ses chaussures \u00e0 l\u2019entr\u00e9e a d\u2019abord surpris plusieurs personnes. Mais ce geste a pris une autre dimension lors des \u00e9changes qui ont suivi.<\/p>\n<p>Au restaurant, les participants pr\u00e9sents ont reparl\u00e9 de cette exp\u00e9rience et ont partag\u00e9 leur r\u00e9flexion sur sa signification : entrer pieds nus, c\u2019est aussi prendre conscience que l\u2019on entre dans un lieu particulier, un lieu saint. La parole biblique \u00ab La terre que tu foules est sainte \u00bb a profond\u00e9ment r\u00e9sonn\u00e9 chez plusieurs.<\/p>\n<h2>Une atmosph\u00e8re de louange et de pri\u00e8re<\/h2>\n<p>D\u00e8s l\u2019arriv\u00e9e, les chants de louange ont contribu\u00e9 \u00e0 \u00e9tablir une atmosph\u00e8re particuli\u00e8re. Le temps de louange et de pri\u00e8re a \u00e9t\u00e9 tr\u00e8s appr\u00e9ci\u00e9 et mentionn\u00e9 \u00e0 plusieurs reprises dans les commentaires recueillis.<\/p>\n<p>La pri\u00e8re de l\u2019\u00e9v\u00eaque autour du Psaume 62 est particuli\u00e8rement ressortie. Plusieurs participants ont \u00e9t\u00e9 touch\u00e9s par ce moment et l\u2019ont retenu comme l\u2019un des beaux temps forts de la journ\u00e9e.<\/p>\n<p>La pr\u00e9sence de l\u2019\u00e9v\u00eaque a \u00e9galement \u00e9t\u00e9 grandement appr\u00e9ci\u00e9e. Sa simplicit\u00e9, son accessibilit\u00e9 et sa facilit\u00e9 d\u2019approche ont beaucoup touch\u00e9. Le fait qu\u2019il soit pr\u00e9sent durant toute la journ\u00e9e, qu\u2019il prenne le temps de parler avec les gens et d\u2019\u00e9changer avec chacun a \u00e9t\u00e9 particuli\u00e8rement remarqu\u00e9.<\/p>\n<h2>Un repas qui a d\u00e9pass\u00e9 les attentes<\/h2>\n<p>Le d\u00eener en famille a certainement constitu\u00e9 l\u2019un des grands moments rassembleurs de la journ\u00e9e. Les participants ont beaucoup aim\u00e9 prendre le temps de s\u2019asseoir ensemble, de manger, de discuter et de partager leurs exp\u00e9riences.\u00a0Le repas a suscit\u00e9 \u00e9norm\u00e9ment de commentaires positifs : la vari\u00e9t\u00e9, l\u2019abondance, la qualit\u00e9 et surtout le soin apport\u00e9 aux d\u00e9tails.<\/p>\n<p>La cuisson des bl\u00e9s d\u2019Inde et des hot-dogs a \u00e9t\u00e9 particuli\u00e8rement appr\u00e9ci\u00e9e. Les salades de chou maison ont fait sensation : plusieurs ont spontan\u00e9ment dit que \u00ab \u00e7a go\u00fbtait l\u2019Amour \u00bb.<\/p>\n<p>Tous ont tr\u00e8s bien mang\u00e9. Plusieurs ont aussi \u00e9t\u00e9 touch\u00e9s de se voir offrir une deuxi\u00e8me, voire une troisi\u00e8me portion. Ce geste a \u00e9t\u00e9 per\u00e7u non seulement comme de l\u2019abondance, mais surtout comme une v\u00e9ritable expression de g\u00e9n\u00e9rosit\u00e9.<\/p>\n<figure id=\"attachment_133671\" aria-describedby=\"caption-attachment-133671\" style=\"width: 760px\" class=\"wp-caption aligncenter\"><a href=\"https:\/\/jc2033qc.ca\/wp-content\/uploads\/2026\/09\/epluchette2-e1788469180283.jpg\"><img decoding=\"async\" class=\"wp-image-133671\" src=\"https:\/\/jc2033qc.ca\/wp-content\/uploads\/2026\/09\/epluchette2-e1788469180283.jpg\" alt=\"\" width=\"760\" height=\"434\" srcset=\"https:\/\/jc2033qc.ca\/wp-content\/uploads\/2026\/09\/epluchette2-e1788469180283.jpg 1734w, https:\/\/jc2033qc.ca\/wp-content\/uploads\/2026\/09\/epluchette2-e1788469180283-300x171.jpg 300w, https:\/\/jc2033qc.ca\/wp-content\/uploads\/2026\/09\/epluchette2-e1788469180283-1024x585.jpg 1024w, https:\/\/jc2033qc.ca\/wp-content\/uploads\/2026\/09\/epluchette2-e1788469180283-768x438.jpg 768w, https:\/\/jc2033qc.ca\/wp-content\/uploads\/2026\/09\/epluchette2-e1788469180283-1536x877.jpg 1536w, https:\/\/jc2033qc.ca\/wp-content\/uploads\/2026\/09\/epluchette2-e1788469180283-18x10.jpg 18w, https:\/\/jc2033qc.ca\/wp-content\/uploads\/2026\/09\/epluchette2-e1788469180283-1320x754.jpg 1320w\" sizes=\"(max-width: 760px) 100vw, 760px\" \/><\/a><figcaption id=\"caption-attachment-133671\" class=\"wp-caption-text\">Retrouvez <a href=\"https:\/\/www.facebook.com\/events\/1268813436313842\/?active_tab=discussion\">toutes les photos<\/a> sur l&rsquo;\u00e9v\u00e9nement Facebook<\/figcaption><\/figure>\n<h2>La chasse au tr\u00e9sor : un immense succ\u00e8s<\/h2>\n<p>La chasse au tr\u00e9sor a \u00e9t\u00e9 particuli\u00e8rement appr\u00e9ci\u00e9e. Elle \u00e9tait tr\u00e8s bien organis\u00e9e, bien pr\u00e9par\u00e9e et adapt\u00e9e aux enfants. Les paroles bibliques int\u00e9gr\u00e9es \u00e0 l\u2019activit\u00e9 ont \u00e9galement \u00e9t\u00e9 remarqu\u00e9es.<\/p>\n<p>Un moment particuli\u00e8rement touchant a \u00e9t\u00e9 celui o\u00f9 les enfants ont partag\u00e9 les chocolats qu\u2019ils avaient remport\u00e9s. Le fait qu\u2019ils aient pens\u00e9 \u00e0 partager leur r\u00e9compense avec les autres en a \u00e9merveill\u00e9 plus d\u2019un.<\/p>\n<h2>Des kiosques, des activit\u00e9s et du temps pour se rencontrer<\/h2>\n<p>Les kiosques ont permis aux participants de d\u00e9couvrir diff\u00e9rentes choses, d\u2019\u00e9changer et de prendre leur temps. Un \u00e9l\u00e9ment important ressort aussi du bilan : personne ne s\u2019est senti oblig\u00e9 de participer \u00e0 tout.<\/p>\n<p>Certains ont choisi de ne pas prendre part \u00e0 la chasse au tr\u00e9sor et ont particuli\u00e8rement appr\u00e9ci\u00e9 que ce choix soit respect\u00e9. Ils ont pu simplement s\u2019asseoir, discuter, contempler le site et vivre le moment \u00e0 leur fa\u00e7on.<\/p>\n<p>Au-del\u00e0 des activit\u00e9s, l\u2019un des plus beaux fruits de cette journ\u00e9e aura sans doute \u00e9t\u00e9 la rencontre entre les personnes. Plusieurs ont soulign\u00e9 leur plaisir d\u2019avoir rencontr\u00e9 de nouvelles personnes.<\/p>\n<p>Des \u00e9changes de num\u00e9ros de t\u00e9l\u00e9phone et de coordonn\u00e9es ont m\u00eame eu lieu spontan\u00e9ment durant la journ\u00e9e.<\/p>\n<p>Cela d\u00e9montre que quelque chose s\u2019est cr\u00e9\u00e9. Des liens se sont tiss\u00e9s. Des relations ont commenc\u00e9. Et peut-\u00eatre que certaines de ces nouvelles rencontres deviendront, avec le temps, de belles amiti\u00e9s.<\/p>\n<h2>Quelques commentaires pour la suite<\/h2>\n<p>Les commentaires moins positifs ont \u00e9t\u00e9 tr\u00e8s limit\u00e9s. Le principal point soulev\u00e9 concernait la distance pour se rendre \u00e0 Rawdon. Pour certaines personnes de la Mauricie, le d\u00e9placement aller-retour repr\u00e9sentait entre 3 et 4 heures de route, ce qui a \u00e9t\u00e9 consid\u00e9r\u00e9 comme exigeant.<\/p>\n<p>Une autre petite remarque concernait certaines tables de pique-nique qui \u00e9taient un peu chancelantes. Ces commentaires demeurent toutefois tr\u00e8s secondaires par rapport \u00e0 l\u2019ensemble des appr\u00e9ciations re\u00e7ues.<\/p>\n<h2>Une journ\u00e9e difficile \u00e0 surpasser<\/h2>\n<p>Au terme des \u00e9changes r\u00e9alis\u00e9s avec les participants de la Mauricie, un constat ressort tr\u00e8s clairement : ce fut une journ\u00e9e exceptionnellement bien organis\u00e9e, v\u00e9cue dans la joie, la simplicit\u00e9 et la fraternit\u00e9.<\/p>\n<p>Les gens se sont sentis accueillis. Ils se sont sentis entour\u00e9s. Ils ont pris le temps de vivre. Ils ont ri, mang\u00e9, pri\u00e9, chant\u00e9, partag\u00e9, rencontr\u00e9 de nouvelles personnes et simplement profit\u00e9 d\u2019un magnifique moment ensemble.<\/p>\n<p>Mais surtout, ils ont ressenti quelque chose qui ne s\u2019organise pas avec une liste de t\u00e2ches : ils ont ressenti l\u2019Amour. L\u2019Amour dans l\u2019accueil, dans le service, dans le partage, dans l\u2019attention port\u00e9e aux d\u00e9tails, dans la nourriture offerte g\u00e9n\u00e9reusement, dans les \u00e9changes et dans la simplicit\u00e9.<\/p>\n<p>Cette journ\u00e9e nous rappelle qu\u2019il n\u2019est parfois pas n\u00e9cessaire de faire des choses extraordinaires pour toucher profond\u00e9ment les gens. Il suffit de mettre beaucoup de c\u0153ur dans les choses simples. Et c\u2019est exactement ce qui a \u00e9t\u00e9 v\u00e9cu.<\/p>\n<p>Merci \u00e0 toutes les personnes qui ont contribu\u00e9 \u00e0 faire de cette journ\u00e9e un moment si beau et si rassembleur. Votre travail, votre implication, votre souci du d\u00e9tail et votre g\u00e9n\u00e9rosit\u00e9 ont permis \u00e0 24 personnes de la Mauricie de vivre une journ\u00e9e qu\u2019elles ne sont pas pr\u00e8s d\u2019oublier.<\/p>\n<p>Une journ\u00e9e magnifiquement r\u00e9ussie. Une journ\u00e9e remplie de joie. Une journ\u00e9e remplie d\u2019Amour.<\/p>\n<\/article>","protected":false},"excerpt":{"rendered":"<p>Retour sur l\u2019\u00e9pluchette de bl\u00e9 d\u2019Inde v\u00e9cue \u00e0 la Maison Val de Paix, \u00e0 Rawdon : une journ\u00e9e de joie, de fraternit\u00e9, de pri\u00e8re et de rencontres pour les participants de la Mauricie.<\/p>","protected":false},"author":7,"featured_media":133668,"comment_status":"open","ping_status":"open","sticky":false,"template":"","format":"standard","meta":{"_acf_changed":false,"footnotes":""},"categories":[35,70],"tags":[78],"class_list":["post-133665","post","type-post","status-publish","format-standard","has-post-thumbnail","hentry","category-nouvelles-locales","category-temoignages","tag-epluchette"],"acf":[],"yoast_head":"<!-- This site is optimized with the Yoast SEO plugin v28.3 - https:\/\/yoast.com\/product\/yoast-seo-wordpress\/ -->\n<title>Une journ\u00e9e exceptionnelle sous le signe de la joie, de la fraternit\u00e9 et de l\u2019Amour<\/title>\n<meta name=\"description\" content=\"Retour sur l\u2019\u00e9pluchette de bl\u00e9 d\u2019Inde v\u00e9cue \u00e0 la Maison Val de Paix, \u00e0 Rawdon : une journ\u00e9e de joie, de fraternit\u00e9, de pri\u00e8re et de rencontres pour les participants de la Mauricie.\" \/>\n<meta name=\"robots\" content=\"index, follow, max-snippet:-1, max-image-preview:large, max-video-preview:-1\" \/>\n<link rel=\"canonical\" href=\"https:\/\/jc2033qc.ca\/en\/retour-sur-lepluchette-2026\/\" \/>\n<meta property=\"og:locale\" content=\"en_US\" \/>\n<meta property=\"og:type\" content=\"article\" \/>\n<meta property=\"og:title\" content=\"Une journ\u00e9e exceptionnelle sous le signe de la joie, de la fraternit\u00e9 et de l\u2019Amour\" \/>\n<meta property=\"og:description\" content=\"Retour sur l\u2019\u00e9pluchette de bl\u00e9 d\u2019Inde v\u00e9cue \u00e0 la Maison Val de Paix, \u00e0 Rawdon : une journ\u00e9e de joie, de fraternit\u00e9, de pri\u00e8re et de rencontres pour les participants de la Mauricie.\" \/>\n<meta property=\"og:url\" content=\"https:\/\/jc2033qc.ca\/en\/retour-sur-lepluchette-2026\/\" \/>\n<meta property=\"og:site_name\" content=\"JC2033 Qu\u00e9bec\" \/>\n<meta property=\"article:publisher\" content=\"https:\/\/www.facebook.com\/JC2033QUEBEC\" \/>\n<meta property=\"article:published_time\" content=\"2026-09-03T21:51:40+00:00\" \/>\n<meta property=\"og:image\" content=\"https:\/\/jc2033qc.ca\/wp-content\/uploads\/2026\/09\/Epluchette-2026.png\" \/>\n\t<meta property=\"og:image:width\" content=\"1200\" \/>\n\t<meta property=\"og:image:height\" content=\"630\" \/>\n\t<meta property=\"og:image:type\" content=\"image\/png\" \/>\n<meta name=\"author\" content=\"Denise Corbeil\" \/>\n<meta name=\"twitter:card\" content=\"summary_large_image\" \/>\n<meta name=\"twitter:label1\" content=\"Written by\" \/>\n\t<meta name=\"twitter:data1\" content=\"Denise Corbeil\" \/>\n\t<meta name=\"twitter:label2\" content=\"Est. reading time\" \/>\n\t<meta name=\"twitter:data2\" content=\"8 minutes\" \/>\n<script type=\"application\/ld+json\" class=\"yoast-schema-graph\">{\"@context\":\"https:\\\/\\\/schema.org\",\"@graph\":[{\"@type\":\"Article\",\"@id\":\"https:\\\/\\\/jc2033qc.ca\\\/retour-sur-lepluchette-2026\\\/#article\",\"isPartOf\":{\"@id\":\"https:\\\/\\\/jc2033qc.ca\\\/retour-sur-lepluchette-2026\\\/\"},\"author\":{\"name\":\"Denise Corbeil\",\"@id\":\"https:\\\/\\\/jc2033qc.ca\\\/#\\\/schema\\\/person\\\/216e8253ef21f3d61095a550b4e7204c\"},\"headline\":\"Une journ\u00e9e exceptionnelle sous le signe de la joie, de la fraternit\u00e9 et de l\u2019Amour\",\"datePublished\":\"2026-09-03T21:51:40+00:00\",\"mainEntityOfPage\":{\"@id\":\"https:\\\/\\\/jc2033qc.ca\\\/retour-sur-lepluchette-2026\\\/\"},\"wordCount\":1546,\"commentCount\":0,\"publisher\":{\"@id\":\"https:\\\/\\\/jc2033qc.ca\\\/#organization\"},\"image\":{\"@id\":\"https:\\\/\\\/jc2033qc.ca\\\/retour-sur-lepluchette-2026\\\/#primaryimage\"},\"thumbnailUrl\":\"https:\\\/\\\/jc2033qc.ca\\\/wp-content\\\/uploads\\\/2026\\\/09\\\/Epluchette-2026.png\",\"keywords\":[\"\u00c9pluchette\"],\"articleSection\":[\"Nouvelles locales\",\"T\u00e9moignages\"],\"inLanguage\":\"en-CA\",\"potentialAction\":[{\"@type\":\"CommentAction\",\"name\":\"Comment\",\"target\":[\"https:\\\/\\\/jc2033qc.ca\\\/retour-sur-lepluchette-2026\\\/#respond\"]}]},{\"@type\":\"WebPage\",\"@id\":\"https:\\\/\\\/jc2033qc.ca\\\/retour-sur-lepluchette-2026\\\/\",\"url\":\"https:\\\/\\\/jc2033qc.ca\\\/retour-sur-lepluchette-2026\\\/\",\"name\":\"Une journ\u00e9e exceptionnelle sous le signe de la joie, de la fraternit\u00e9 et de l\u2019Amour\",\"isPartOf\":{\"@id\":\"https:\\\/\\\/jc2033qc.ca\\\/#website\"},\"primaryImageOfPage\":{\"@id\":\"https:\\\/\\\/jc2033qc.ca\\\/retour-sur-lepluchette-2026\\\/#primaryimage\"},\"image\":{\"@id\":\"https:\\\/\\\/jc2033qc.ca\\\/retour-sur-lepluchette-2026\\\/#primaryimage\"},\"thumbnailUrl\":\"https:\\\/\\\/jc2033qc.ca\\\/wp-content\\\/uploads\\\/2026\\\/09\\\/Epluchette-2026.png\",\"datePublished\":\"2026-09-03T21:51:40+00:00\",\"description\":\"Retour sur l\u2019\u00e9pluchette de bl\u00e9 d\u2019Inde v\u00e9cue \u00e0 la Maison Val de Paix, \u00e0 Rawdon : une journ\u00e9e de joie, de fraternit\u00e9, de pri\u00e8re et de rencontres pour les participants de la Mauricie.\",\"breadcrumb\":{\"@id\":\"https:\\\/\\\/jc2033qc.ca\\\/retour-sur-lepluchette-2026\\\/#breadcrumb\"},\"inLanguage\":\"en-CA\",\"potentialAction\":[{\"@type\":\"ReadAction\",\"target\":[\"https:\\\/\\\/jc2033qc.ca\\\/retour-sur-lepluchette-2026\\\/\"]}]},{\"@type\":\"ImageObject\",\"inLanguage\":\"en-CA\",\"@id\":\"https:\\\/\\\/jc2033qc.ca\\\/retour-sur-lepluchette-2026\\\/#primaryimage\",\"url\":\"https:\\\/\\\/jc2033qc.ca\\\/wp-content\\\/uploads\\\/2026\\\/09\\\/Epluchette-2026.png\",\"contentUrl\":\"https:\\\/\\\/jc2033qc.ca\\\/wp-content\\\/uploads\\\/2026\\\/09\\\/Epluchette-2026.png\",\"width\":1200,\"height\":630},{\"@type\":\"BreadcrumbList\",\"@id\":\"https:\\\/\\\/jc2033qc.ca\\\/retour-sur-lepluchette-2026\\\/#breadcrumb\",\"itemListElement\":[{\"@type\":\"ListItem\",\"position\":1,\"name\":\"Accueil\",\"item\":\"https:\\\/\\\/jc2033qc.ca\\\/\"},{\"@type\":\"ListItem\",\"position\":2,\"name\":\"Une journ\u00e9e exceptionnelle sous le signe de la joie, de la fraternit\u00e9 et de l\u2019Amour\"}]},{\"@type\":\"WebSite\",\"@id\":\"https:\\\/\\\/jc2033qc.ca\\\/#website\",\"url\":\"https:\\\/\\\/jc2033qc.ca\\\/\",\"name\":\"JC2033 Qu\u00e9bec\",\"description\":\"C\u00e9l\u00e9brons ensemble la R\u00e9surrection\",\"publisher\":{\"@id\":\"https:\\\/\\\/jc2033qc.ca\\\/#organization\"},\"potentialAction\":[{\"@type\":\"SearchAction\",\"target\":{\"@type\":\"EntryPoint\",\"urlTemplate\":\"https:\\\/\\\/jc2033qc.ca\\\/?s={search_term_string}\"},\"query-input\":{\"@type\":\"PropertyValueSpecification\",\"valueRequired\":true,\"valueName\":\"search_term_string\"}}],\"inLanguage\":\"en-CA\"},{\"@type\":\"Organization\",\"@id\":\"https:\\\/\\\/jc2033qc.ca\\\/#organization\",\"name\":\"J\u00e9sus C\u00e9l\u00e9bration 2033\",\"alternateName\":\"JC2033 Qc\",\"url\":\"https:\\\/\\\/jc2033qc.ca\\\/\",\"logo\":{\"@type\":\"ImageObject\",\"inLanguage\":\"en-CA\",\"@id\":\"https:\\\/\\\/jc2033qc.ca\\\/#\\\/schema\\\/logo\\\/image\\\/\",\"url\":\"https:\\\/\\\/jc2033qc.ca\\\/wp-content\\\/uploads\\\/2022\\\/08\\\/favicon-logo-orange-transparent.png\",\"contentUrl\":\"https:\\\/\\\/jc2033qc.ca\\\/wp-content\\\/uploads\\\/2022\\\/08\\\/favicon-logo-orange-transparent.png\",\"width\":512,\"height\":361,\"caption\":\"J\u00e9sus C\u00e9l\u00e9bration 2033\"},\"image\":{\"@id\":\"https:\\\/\\\/jc2033qc.ca\\\/#\\\/schema\\\/logo\\\/image\\\/\"},\"sameAs\":[\"https:\\\/\\\/www.facebook.com\\\/JC2033QUEBEC\"]},{\"@type\":\"Person\",\"@id\":\"https:\\\/\\\/jc2033qc.ca\\\/#\\\/schema\\\/person\\\/216e8253ef21f3d61095a550b4e7204c\",\"name\":\"Denise Corbeil\",\"image\":{\"@type\":\"ImageObject\",\"inLanguage\":\"en-CA\",\"@id\":\"https:\\\/\\\/jc2033qc.ca\\\/wp-content\\\/uploads\\\/2026\\\/03\\\/images-96x96.jpeg\",\"url\":\"https:\\\/\\\/jc2033qc.ca\\\/wp-content\\\/uploads\\\/2026\\\/03\\\/images-96x96.jpeg\",\"contentUrl\":\"https:\\\/\\\/jc2033qc.ca\\\/wp-content\\\/uploads\\\/2026\\\/03\\\/images-96x96.jpeg\",\"caption\":\"Denise Corbeil\"},\"description\":\"Denise Corbeil est membre du c.a de JC2033 Qu\u00e9bec et rassemble le comit\u00e9 Mauricie-Centre-du-Qu\u00e9bec.\",\"url\":\"https:\\\/\\\/jc2033qc.ca\\\/en\"}]}<\/script>\n<!-- \/ Yoast SEO plugin. -->","yoast_head_json":{"title":"Une journ\u00e9e exceptionnelle sous le signe de la joie, de la fraternit\u00e9 et de l\u2019Amour","description":"Retour sur l\u2019\u00e9pluchette de bl\u00e9 d\u2019Inde v\u00e9cue \u00e0 la Maison Val de Paix, \u00e0 Rawdon : une journ\u00e9e de joie, de fraternit\u00e9, de pri\u00e8re et de rencontres pour les participants de la Mauricie.","robots":{"index":"index","follow":"follow","max-snippet":"max-snippet:-1","max-image-preview":"max-image-preview:large","max-video-preview":"max-video-preview:-1"},"canonical":"https:\/\/jc2033qc.ca\/en\/retour-sur-lepluchette-2026\/","og_locale":"en_US","og_type":"article","og_title":"Une journ\u00e9e exceptionnelle sous le signe de la joie, de la fraternit\u00e9 et de l\u2019Amour","og_description":"Retour sur l\u2019\u00e9pluchette de bl\u00e9 d\u2019Inde v\u00e9cue \u00e0 la Maison Val de Paix, \u00e0 Rawdon : une journ\u00e9e de joie, de fraternit\u00e9, de pri\u00e8re et de rencontres pour les participants de la Mauricie.","og_url":"https:\/\/jc2033qc.ca\/en\/retour-sur-lepluchette-2026\/","og_site_name":"JC2033 Qu\u00e9bec","article_publisher":"https:\/\/www.facebook.com\/JC2033QUEBEC","article_published_time":"2026-09-03T21:51:40+00:00","og_image":[{"width":1200,"height":630,"url":"https:\/\/jc2033qc.ca\/wp-content\/uploads\/2026\/09\/Epluchette-2026.png","type":"image\/png"}],"author":"Denise Corbeil","twitter_card":"summary_large_image","twitter_misc":{"Written by":"Denise Corbeil","Est. reading time":"8 minutes"},"schema":{"@context":"https:\/\/schema.org","@graph":[{"@type":"Article","@id":"https:\/\/jc2033qc.ca\/retour-sur-lepluchette-2026\/#article","isPartOf":{"@id":"https:\/\/jc2033qc.ca\/retour-sur-lepluchette-2026\/"},"author":{"name":"Denise Corbeil","@id":"https:\/\/jc2033qc.ca\/#\/schema\/person\/216e8253ef21f3d61095a550b4e7204c"},"headline":"Une journ\u00e9e exceptionnelle sous le signe de la joie, de la fraternit\u00e9 et de l\u2019Amour","datePublished":"2026-09-03T21:51:40+00:00","mainEntityOfPage":{"@id":"https:\/\/jc2033qc.ca\/retour-sur-lepluchette-2026\/"},"wordCount":1546,"commentCount":0,"publisher":{"@id":"https:\/\/jc2033qc.ca\/#organization"},"image":{"@id":"https:\/\/jc2033qc.ca\/retour-sur-lepluchette-2026\/#primaryimage"},"thumbnailUrl":"https:\/\/jc2033qc.ca\/wp-content\/uploads\/2026\/09\/Epluchette-2026.png","keywords":["\u00c9pluchette"],"articleSection":["Nouvelles locales","T\u00e9moignages"],"inLanguage":"en-CA","potentialAction":[{"@type":"CommentAction","name":"Comment","target":["https:\/\/jc2033qc.ca\/retour-sur-lepluchette-2026\/#respond"]}]},{"@type":"WebPage","@id":"https:\/\/jc2033qc.ca\/retour-sur-lepluchette-2026\/","url":"https:\/\/jc2033qc.ca\/retour-sur-lepluchette-2026\/","name":"Une journ\u00e9e exceptionnelle sous le signe de la joie, de la fraternit\u00e9 et de l\u2019Amour","isPartOf":{"@id":"https:\/\/jc2033qc.ca\/#website"},"primaryImageOfPage":{"@id":"https:\/\/jc2033qc.ca\/retour-sur-lepluchette-2026\/#primaryimage"},"image":{"@id":"https:\/\/jc2033qc.ca\/retour-sur-lepluchette-2026\/#primaryimage"},"thumbnailUrl":"https:\/\/jc2033qc.ca\/wp-content\/uploads\/2026\/09\/Epluchette-2026.png","datePublished":"2026-09-03T21:51:40+00:00","description":"Retour sur l\u2019\u00e9pluchette de bl\u00e9 d\u2019Inde v\u00e9cue \u00e0 la Maison Val de Paix, \u00e0 Rawdon : une journ\u00e9e de joie, de fraternit\u00e9, de pri\u00e8re et de rencontres pour les participants de la Mauricie.","breadcrumb":{"@id":"https:\/\/jc2033qc.ca\/retour-sur-lepluchette-2026\/#breadcrumb"},"inLanguage":"en-CA","potentialAction":[{"@type":"ReadAction","target":["https:\/\/jc2033qc.ca\/retour-sur-lepluchette-2026\/"]}]},{"@type":"ImageObject","inLanguage":"en-CA","@id":"https:\/\/jc2033qc.ca\/retour-sur-lepluchette-2026\/#primaryimage","url":"https:\/\/jc2033qc.ca\/wp-content\/uploads\/2026\/09\/Epluchette-2026.png","contentUrl":"https:\/\/jc2033qc.ca\/wp-content\/uploads\/2026\/09\/Epluchette-2026.png","width":1200,"height":630},{"@type":"BreadcrumbList","@id":"https:\/\/jc2033qc.ca\/retour-sur-lepluchette-2026\/#breadcrumb","itemListElement":[{"@type":"ListItem","position":1,"name":"Accueil","item":"https:\/\/jc2033qc.ca\/"},{"@type":"ListItem","position":2,"name":"Une journ\u00e9e exceptionnelle sous le signe de la joie, de la fraternit\u00e9 et de l\u2019Amour"}]},{"@type":"WebSite","@id":"https:\/\/jc2033qc.ca\/#website","url":"https:\/\/jc2033qc.ca\/","name":"JC2033 Qu\u00e9bec","description":"C\u00e9l\u00e9brons ensemble la R\u00e9surrection","publisher":{"@id":"https:\/\/jc2033qc.ca\/#organization"},"potentialAction":[{"@type":"SearchAction","target":{"@type":"EntryPoint","urlTemplate":"https:\/\/jc2033qc.ca\/?s={search_term_string}"},"query-input":{"@type":"PropertyValueSpecification","valueRequired":true,"valueName":"search_term_string"}}],"inLanguage":"en-CA"},{"@type":"Organization","@id":"https:\/\/jc2033qc.ca\/#organization","name":"J\u00e9sus C\u00e9l\u00e9bration 2033","alternateName":"JC2033 Qc","url":"https:\/\/jc2033qc.ca\/","logo":{"@type":"ImageObject","inLanguage":"en-CA","@id":"https:\/\/jc2033qc.ca\/#\/schema\/logo\/image\/","url":"https:\/\/jc2033qc.ca\/wp-content\/uploads\/2022\/08\/favicon-logo-orange-transparent.png","contentUrl":"https:\/\/jc2033qc.ca\/wp-content\/uploads\/2022\/08\/favicon-logo-orange-transparent.png","width":512,"height":361,"caption":"J\u00e9sus C\u00e9l\u00e9bration 2033"},"image":{"@id":"https:\/\/jc2033qc.ca\/#\/schema\/logo\/image\/"},"sameAs":["https:\/\/www.facebook.com\/JC2033QUEBEC"]},{"@type":"Person","@id":"https:\/\/jc2033qc.ca\/#\/schema\/person\/216e8253ef21f3d61095a550b4e7204c","name":"Denise Corbeil","image":{"@type":"ImageObject","inLanguage":"en-CA","@id":"https:\/\/jc2033qc.ca\/wp-content\/uploads\/2026\/03\/images-96x96.jpeg","url":"https:\/\/jc2033qc.ca\/wp-content\/uploads\/2026\/03\/images-96x96.jpeg","contentUrl":"https:\/\/jc2033qc.ca\/wp-content\/uploads\/2026\/03\/images-96x96.jpeg","caption":"Denise Corbeil"},"description":"Denise Corbeil est membre du c.a de JC2033 Qu\u00e9bec et rassemble le comit\u00e9 Mauricie-Centre-du-Qu\u00e9bec.","url":"https:\/\/jc2033qc.ca\/en"}]}},"_links":{"self":[{"href":"https:\/\/jc2033qc.ca\/en\/wp-json\/wp\/v2\/posts\/133665","targetHints":{"allow":["GET"]}}],"collection":[{"href":"https:\/\/jc2033qc.ca\/en\/wp-json\/wp\/v2\/posts"}],"about":[{"href":"https:\/\/jc2033qc.ca\/en\/wp-json\/wp\/v2\/types\/post"}],"author":[{"embeddable":true,"href":"https:\/\/jc2033qc.ca\/en\/wp-json\/wp\/v2\/users\/7"}],"replies":[{"embeddable":true,"href":"https:\/\/jc2033qc.ca\/en\/wp-json\/wp\/v2\/comments?post=133665"}],"version-history":[{"count":2,"href":"https:\/\/jc2033qc.ca\/en\/wp-json\/wp\/v2\/posts\/133665\/revisions"}],"predecessor-version":[{"id":133679,"href":"https:\/\/jc2033qc.ca\/en\/wp-json\/wp\/v2\/posts\/133665\/revisions\/133679"}],"wp:featuredmedia":[{"embeddable":true,"href":"https:\/\/jc2033qc.ca\/en\/wp-json\/wp\/v2\/media\/133668"}],"wp:attachment":[{"href":"https:\/\/jc2033qc.ca\/en\/wp-json\/wp\/v2\/media?parent=133665"}],"wp:term":[{"taxonomy":"category","embeddable":true,"href":"https:\/\/jc2033qc.ca\/en\/wp-json\/wp\/v2\/categories?post=133665"},{"taxonomy":"post_tag","embeddable":true,"href":"https:\/\/jc2033qc.ca\/en\/wp-json\/wp\/v2\/tags?post=133665"}],"curies":[{"name":"wp","href":"https:\/\/api.w.org\/{rel}","templated":true}]}}